{"id":194,"date":"2017-04-10T13:55:48","date_gmt":"2017-04-10T10:55:48","guid":{"rendered":"http:\/\/www.publicalerting.com\/tr\/?p=194"},"modified":"2017-08-08T13:56:09","modified_gmt":"2017-08-08T10:56:09","slug":"istikamet-turkiye","status":"publish","type":"post","link":"https:\/\/www.publicalerting.com\/tr\/haberler\/istikamet-turkiye\/","title":{"rendered":"\u0130stikamet &#8211; T\u00fcrkiye!"},"content":{"rendered":"<p>2-9 Nisan 2017 tarihinde DIGITEX T\u00fcrkiye&#8217;ye ilk i\u015f gezisini d\u00fczenledi. Ziyaret kapsam\u0131nda, \u0130stanbul, Ankara ve Kayseri \u015fehirlerinde, g\u00f6r\u00fc\u015fmeler ve promosyonlar yap\u0131ld\u0131. Ayr\u0131ca, Securitex 3. Uluslararas\u0131 G\u00fcvenlik Teknolojileri Fuar\u0131 ziyaret edildi ve sekt\u00f6r\u00fcn en yeni \u00e7\u00f6z\u00fcmleri incelendi.<\/p>\n<p>Entegre Kamu Uyar\u0131 ve Telekom\u00fcnikasyon Sistemlerinin Avrupa&#8217;daki en iyi \u00fcreticilerinden olan Digitex, a\u015fa\u011f\u0131daki \u00e7\u00f6z\u00fcmleri sundu:<\/p>\n<ul>\n<li>Digitex&#8217;in sivil savunma ve di\u011fer kurtarma hizmetleri, belediyeler ve sanayi sekt\u00f6r\u00fc i\u00e7in genel uyar\u0131 \u00e7\u00f6z\u00fcm\u00fc<\/li>\n<li>DigitexCZK \/ IP dijital kamu uyar\u0131 sistemi<\/li>\n<li>Kanall\u0131 hoparl\u00f6rl\u00fc ve t\u00fcmy\u00f6nl\u00fc DSE elektronik sirenler<\/li>\n<\/ul>\n<p>\u00c7\u00f6z\u00fcmlerimizin bu kadar b\u00fcy\u00fck bir ilgi ile kar\u015f\u0131lanmas\u0131ndan memnuniyet duyduk. Bize geri bildirimde bulunan ve istek g\u00f6nderen herkese te\u015fekk\u00fcrler.<\/p>\n<div id='gallery-1' class='gallery galleryid-194 gallery-columns-3 gallery-size-thumbnail'><dl class='gallery-item'>\n\t\t\t<dt class='gallery-icon landscape'>\n\t\t\t\t<a href='https:\/\/www.publicalerting.com\/tr\/wp-content\/uploads\/2017\/08\/image1.jpeg'><img loading=\"lazy\" decoding=\"async\" width=\"150\" height=\"150\" src=\"https:\/\/www.publicalerting.com\/tr\/wp-content\/uploads\/2017\/08\/image1-150x150.jpeg\" class=\"attachment-thumbnail size-thumbnail\" alt=\"\" \/><\/a>\n\t\t\t<\/dt><\/dl><dl class='gallery-item'>\n\t\t\t<dt class='gallery-icon landscape'>\n\t\t\t\t<a href='https:\/\/www.publicalerting.com\/tr\/wp-content\/uploads\/2017\/08\/image2.jpeg'><img loading=\"lazy\" decoding=\"async\" width=\"150\" height=\"150\" src=\"https:\/\/www.publicalerting.com\/tr\/wp-content\/uploads\/2017\/08\/image2-150x150.jpeg\" class=\"attachment-thumbnail size-thumbnail\" alt=\"\" \/><\/a>\n\t\t\t<\/dt><\/dl><dl class='gallery-item'>\n\t\t\t<dt class='gallery-icon landscape'>\n\t\t\t\t<a href='https:\/\/www.publicalerting.com\/tr\/wp-content\/uploads\/2017\/08\/image3.jpeg'><img loading=\"lazy\" decoding=\"async\" width=\"150\" height=\"150\" src=\"https:\/\/www.publicalerting.com\/tr\/wp-content\/uploads\/2017\/08\/image3-150x150.jpeg\" class=\"attachment-thumbnail size-thumbnail\" alt=\"\" \/><\/a>\n\t\t\t<\/dt><\/dl><br style=\"clear: both\" \/>\n\t\t<\/div>\n\n","protected":false},"excerpt":{"rendered":"<p>2-9 Nisan 2017 tarihinde DIGITEX T\u00fcrkiye&#8217;ye ilk i\u015f gezisini d\u00fczenledi. Ziyaret kapsam\u0131nda, \u0130stanbul, Ankara ve Kayseri \u015fehirlerinde, g\u00f6r\u00fc\u015fmeler ve promosyonlar yap\u0131ld\u0131. Ayr\u0131ca, Securitex 3. Uluslararas\u0131 G\u00fcvenlik Teknolojileri Fuar\u0131 ziyaret edildi ve sekt\u00f6r\u00fcn en yeni \u00e7\u00f6z\u00fcmleri incelendi. Entegre Kamu Uyar\u0131 ve Telekom\u00fcnikasyon Sistemlerinin Avrupa&#8217;daki en iyi \u00fcreticilerinden olan Digitex, a\u015fa\u011f\u0131daki \u00e7\u00f6z\u00fcmleri sundu: Digitex&#8217;in sivil savunma ve [&hellip;]<\/p>\n","protected":false},"author":2,"featured_media":0,"comment_status":"closed","ping_status":"open","sticky":false,"template":"","format":"standard","meta":{"_monsterinsights_skip_tracking":false,"_monsterinsights_sitenote_active":false,"_monsterinsights_sitenote_note":"","_monsterinsights_sitenote_category":0,"footnotes":""},"categories":[1],"tags":[],"class_list":["post-194","post","type-post","status-publish","format-standard","hentry","category-genel"],"yoast_head":"<!-- This site is optimized with the Yoast SEO plugin v24.9 - https:\/\/yoast.com\/wordpress\/plugins\/seo\/ -->\n<title>\u0130stikamet - T\u00fcrkiye! - digitex<\/title>\n<meta name=\"robots\" content=\"index, follow, max-snippet:-1, max-image-preview:large, max-video-preview:-1\" \/>\n<link rel=\"canonical\" href=\"https:\/\/www.publicalerting.com\/tr\/haberler\/istikamet-turkiye\/\" \/>\n<meta property=\"og:locale\" content=\"tr_TR\" \/>\n<meta property=\"og:type\" content=\"article\" \/>\n<meta property=\"og:title\" content=\"\u0130stikamet - T\u00fcrkiye! - digitex\" \/>\n<meta property=\"og:description\" content=\"2-9 Nisan 2017 tarihinde DIGITEX T\u00fcrkiye&#8217;ye ilk i\u015f gezisini d\u00fczenledi. Ziyaret kapsam\u0131nda, \u0130stanbul, Ankara ve Kayseri \u015fehirlerinde, g\u00f6r\u00fc\u015fmeler ve promosyonlar yap\u0131ld\u0131. Ayr\u0131ca, Securitex 3. Uluslararas\u0131 G\u00fcvenlik Teknolojileri Fuar\u0131 ziyaret edildi ve sekt\u00f6r\u00fcn en yeni \u00e7\u00f6z\u00fcmleri incelendi. Entegre Kamu Uyar\u0131 ve Telekom\u00fcnikasyon Sistemlerinin Avrupa&#8217;daki en iyi \u00fcreticilerinden olan Digitex, a\u015fa\u011f\u0131daki \u00e7\u00f6z\u00fcmleri sundu: Digitex&#8217;in sivil savunma ve [&hellip;]\" \/>\n<meta property=\"og:url\" content=\"https:\/\/www.publicalerting.com\/tr\/haberler\/istikamet-turkiye\/\" \/>\n<meta property=\"og:site_name\" content=\"digitex\" \/>\n<meta property=\"article:published_time\" content=\"2017-04-10T10:55:48+00:00\" \/>\n<meta property=\"article:modified_time\" content=\"2017-08-08T10:56:09+00:00\" \/>\n<meta property=\"og:image\" content=\"https:\/\/www.publicalerting.com\/tr\/wp-content\/uploads\/2017\/08\/image1-150x150.jpeg\" \/>\n<meta name=\"author\" content=\"Krzysztof Bia\u0142k\" \/>\n<meta name=\"twitter:card\" content=\"summary_large_image\" \/>\n<meta name=\"twitter:label1\" content=\"Yazan:\" \/>\n\t<meta name=\"twitter:data1\" content=\"Krzysztof Bia\u0142k\" \/>\n\t<meta name=\"twitter:label2\" content=\"Tahmini okuma s\u00fcresi\" \/>\n\t<meta name=\"twitter:data2\" content=\"1 dakika\" \/>\n<script type=\"application\/ld+json\" class=\"yoast-schema-graph\">{\"@context\":\"https:\/\/schema.org\",\"@graph\":[{\"@type\":\"WebPage\",\"@id\":\"https:\/\/www.publicalerting.com\/tr\/haberler\/istikamet-turkiye\/\",\"url\":\"https:\/\/www.publicalerting.com\/tr\/haberler\/istikamet-turkiye\/\",\"name\":\"\u0130stikamet - T\u00fcrkiye! - digitex\",\"isPartOf\":{\"@id\":\"https:\/\/www.publicalerting.com\/tr\/#website\"},\"datePublished\":\"2017-04-10T10:55:48+00:00\",\"dateModified\":\"2017-08-08T10:56:09+00:00\",\"author\":{\"@id\":\"https:\/\/www.publicalerting.com\/tr\/#\/schema\/person\/a6d7873f1ce8c821257e7e93e57962ca\"},\"breadcrumb\":{\"@id\":\"https:\/\/www.publicalerting.com\/tr\/haberler\/istikamet-turkiye\/#breadcrumb\"},\"inLanguage\":\"tr\",\"potentialAction\":[{\"@type\":\"ReadAction\",\"target\":[\"https:\/\/www.publicalerting.com\/tr\/haberler\/istikamet-turkiye\/\"]}]},{\"@type\":\"BreadcrumbList\",\"@id\":\"https:\/\/www.publicalerting.com\/tr\/haberler\/istikamet-turkiye\/#breadcrumb\",\"itemListElement\":[{\"@type\":\"ListItem\",\"position\":1,\"name\":\"Ana Sayfa\",\"item\":\"https:\/\/www.publicalerting.com\/tr\/\"},{\"@type\":\"ListItem\",\"position\":2,\"name\":\"\u0130stikamet &#8211; T\u00fcrkiye!\"}]},{\"@type\":\"WebSite\",\"@id\":\"https:\/\/www.publicalerting.com\/tr\/#website\",\"url\":\"https:\/\/www.publicalerting.com\/tr\/\",\"name\":\"digitex\",\"description\":\"\",\"potentialAction\":[{\"@type\":\"SearchAction\",\"target\":{\"@type\":\"EntryPoint\",\"urlTemplate\":\"https:\/\/www.publicalerting.com\/tr\/?s={search_term_string}\"},\"query-input\":{\"@type\":\"PropertyValueSpecification\",\"valueRequired\":true,\"valueName\":\"search_term_string\"}}],\"inLanguage\":\"tr\"},{\"@type\":\"Person\",\"@id\":\"https:\/\/www.publicalerting.com\/tr\/#\/schema\/person\/a6d7873f1ce8c821257e7e93e57962ca\",\"name\":\"Krzysztof Bia\u0142k\",\"image\":{\"@type\":\"ImageObject\",\"inLanguage\":\"tr\",\"@id\":\"https:\/\/www.publicalerting.com\/tr\/#\/schema\/person\/image\/\",\"url\":\"https:\/\/secure.gravatar.com\/avatar\/64ae2585df44b72ccfd5d2c87ec57fd2624a688a512b33374a38fdaf71c4f853?s=96&d=mm&r=g\",\"contentUrl\":\"https:\/\/secure.gravatar.com\/avatar\/64ae2585df44b72ccfd5d2c87ec57fd2624a688a512b33374a38fdaf71c4f853?s=96&d=mm&r=g\",\"caption\":\"Krzysztof Bia\u0142k\"},\"url\":\"https:\/\/www.publicalerting.com\/tr\/haberler\/author\/krzysztofbialk\/\"}]}<\/script>\n<!-- \/ Yoast SEO plugin. -->","yoast_head_json":{"title":"\u0130stikamet - T\u00fcrkiye! - digitex","robots":{"index":"index","follow":"follow","max-snippet":"max-snippet:-1","max-image-preview":"max-image-preview:large","max-video-preview":"max-video-preview:-1"},"canonical":"https:\/\/www.publicalerting.com\/tr\/haberler\/istikamet-turkiye\/","og_locale":"tr_TR","og_type":"article","og_title":"\u0130stikamet - T\u00fcrkiye! - digitex","og_description":"2-9 Nisan 2017 tarihinde DIGITEX T\u00fcrkiye&#8217;ye ilk i\u015f gezisini d\u00fczenledi. Ziyaret kapsam\u0131nda, \u0130stanbul, Ankara ve Kayseri \u015fehirlerinde, g\u00f6r\u00fc\u015fmeler ve promosyonlar yap\u0131ld\u0131. Ayr\u0131ca, Securitex 3. Uluslararas\u0131 G\u00fcvenlik Teknolojileri Fuar\u0131 ziyaret edildi ve sekt\u00f6r\u00fcn en yeni \u00e7\u00f6z\u00fcmleri incelendi. Entegre Kamu Uyar\u0131 ve Telekom\u00fcnikasyon Sistemlerinin Avrupa&#8217;daki en iyi \u00fcreticilerinden olan Digitex, a\u015fa\u011f\u0131daki \u00e7\u00f6z\u00fcmleri sundu: Digitex&#8217;in sivil savunma ve [&hellip;]","og_url":"https:\/\/www.publicalerting.com\/tr\/haberler\/istikamet-turkiye\/","og_site_name":"digitex","article_published_time":"2017-04-10T10:55:48+00:00","article_modified_time":"2017-08-08T10:56:09+00:00","og_image":[{"url":"https:\/\/www.publicalerting.com\/tr\/wp-content\/uploads\/2017\/08\/image1-150x150.jpeg","type":"","width":"","height":""}],"author":"Krzysztof Bia\u0142k","twitter_card":"summary_large_image","twitter_misc":{"Yazan:":"Krzysztof Bia\u0142k","Tahmini okuma s\u00fcresi":"1 dakika"},"schema":{"@context":"https:\/\/schema.org","@graph":[{"@type":"WebPage","@id":"https:\/\/www.publicalerting.com\/tr\/haberler\/istikamet-turkiye\/","url":"https:\/\/www.publicalerting.com\/tr\/haberler\/istikamet-turkiye\/","name":"\u0130stikamet - T\u00fcrkiye! - digitex","isPartOf":{"@id":"https:\/\/www.publicalerting.com\/tr\/#website"},"datePublished":"2017-04-10T10:55:48+00:00","dateModified":"2017-08-08T10:56:09+00:00","author":{"@id":"https:\/\/www.publicalerting.com\/tr\/#\/schema\/person\/a6d7873f1ce8c821257e7e93e57962ca"},"breadcrumb":{"@id":"https:\/\/www.publicalerting.com\/tr\/haberler\/istikamet-turkiye\/#breadcrumb"},"inLanguage":"tr","potentialAction":[{"@type":"ReadAction","target":["https:\/\/www.publicalerting.com\/tr\/haberler\/istikamet-turkiye\/"]}]},{"@type":"BreadcrumbList","@id":"https:\/\/www.publicalerting.com\/tr\/haberler\/istikamet-turkiye\/#breadcrumb","itemListElement":[{"@type":"ListItem","position":1,"name":"Ana Sayfa","item":"https:\/\/www.publicalerting.com\/tr\/"},{"@type":"ListItem","position":2,"name":"\u0130stikamet &#8211; T\u00fcrkiye!"}]},{"@type":"WebSite","@id":"https:\/\/www.publicalerting.com\/tr\/#website","url":"https:\/\/www.publicalerting.com\/tr\/","name":"digitex","description":"","potentialAction":[{"@type":"SearchAction","target":{"@type":"EntryPoint","urlTemplate":"https:\/\/www.publicalerting.com\/tr\/?s={search_term_string}"},"query-input":{"@type":"PropertyValueSpecification","valueRequired":true,"valueName":"search_term_string"}}],"inLanguage":"tr"},{"@type":"Person","@id":"https:\/\/www.publicalerting.com\/tr\/#\/schema\/person\/a6d7873f1ce8c821257e7e93e57962ca","name":"Krzysztof Bia\u0142k","image":{"@type":"ImageObject","inLanguage":"tr","@id":"https:\/\/www.publicalerting.com\/tr\/#\/schema\/person\/image\/","url":"https:\/\/secure.gravatar.com\/avatar\/64ae2585df44b72ccfd5d2c87ec57fd2624a688a512b33374a38fdaf71c4f853?s=96&d=mm&r=g","contentUrl":"https:\/\/secure.gravatar.com\/avatar\/64ae2585df44b72ccfd5d2c87ec57fd2624a688a512b33374a38fdaf71c4f853?s=96&d=mm&r=g","caption":"Krzysztof Bia\u0142k"},"url":"https:\/\/www.publicalerting.com\/tr\/haberler\/author\/krzysztofbialk\/"}]}},"_links":{"self":[{"href":"https:\/\/www.publicalerting.com\/tr\/wp-json\/wp\/v2\/posts\/194","targetHints":{"allow":["GET"]}}],"collection":[{"href":"https:\/\/www.publicalerting.com\/tr\/wp-json\/wp\/v2\/posts"}],"about":[{"href":"https:\/\/www.publicalerting.com\/tr\/wp-json\/wp\/v2\/types\/post"}],"author":[{"embeddable":true,"href":"https:\/\/www.publicalerting.com\/tr\/wp-json\/wp\/v2\/users\/2"}],"replies":[{"embeddable":true,"href":"https:\/\/www.publicalerting.com\/tr\/wp-json\/wp\/v2\/comments?post=194"}],"version-history":[{"count":0,"href":"https:\/\/www.publicalerting.com\/tr\/wp-json\/wp\/v2\/posts\/194\/revisions"}],"wp:attachment":[{"href":"https:\/\/www.publicalerting.com\/tr\/wp-json\/wp\/v2\/media?parent=194"}],"wp:term":[{"taxonomy":"category","embeddable":true,"href":"https:\/\/www.publicalerting.com\/tr\/wp-json\/wp\/v2\/categories?post=194"},{"taxonomy":"post_tag","embeddable":true,"href":"https:\/\/www.publicalerting.com\/tr\/wp-json\/wp\/v2\/tags?post=194"}],"curies":[{"name":"wp","href":"https:\/\/api.w.org\/{rel}","templated":true}]}}